{"id":1,"date":"2024-06-03T10:22:54","date_gmt":"2024-06-03T08:22:54","guid":{"rendered":"https:\/\/gazetagorska.pttk.pl\/?p=1"},"modified":"2024-07-11T15:06:55","modified_gmt":"2024-07-11T13:06:55","slug":"witaj-swiecie","status":"publish","type":"post","link":"https:\/\/gazetagorska.pttk.pl\/index.php\/2024\/06\/03\/witaj-swiecie\/","title":{"rendered":"Nowy numer ju\u017c jest!"},"content":{"rendered":"\n<p><span style=\"font-family: inherit; color: rgb(5, 5, 5); font-size: 15px; background-color: var(--wp--preset--color--base);\">Co\u015b dla och\u0142ody w\u00a0ten upa\u0142? Mo\u017ce lody? Albo\u00a0kaw\u0119 mro\u017con\u0105? Mamy co\u015b r\u00f3wnie ch\u0142odz\u0105cego! Najnowszy numer Gazety G\u00f3rskiej z\u00a0lekkim, mro\u017anym powiewem\u2026 <\/span><br><br><span style=\"font-family: inherit; color: rgb(5, 5, 5); font-size: 15px; background-color: var(--wp--preset--color--base);\">Co\u00a0w\u00a0numerze? <\/span><br><span style=\"font-family: inherit; color: rgb(5, 5, 5); font-size: 15px; background-color: var(--wp--preset--color--base);\">\u2013 pocz\u0105tki znakowania GSB <\/span><br><span style=\"font-family: inherit; color: rgb(5, 5, 5); font-size: 15px; background-color: var(--wp--preset--color--base);\">\u2013 z\u00a0okazji stulecia szlaku <\/span><br><span style=\"font-family: inherit; color: rgb(5, 5, 5); font-size: 15px; background-color: var(--wp--preset--color--base);\">\u2013 g\u00f3ry Maroka i\u00a0Grecji <\/span><br><span style=\"font-family: inherit; color: rgb(5, 5, 5); font-size: 15px; background-color: var(--wp--preset--color--base);\">\u2013 to\u00a0ju\u017c jednak ciep\u0142e kraje <\/span><br><span style=\"font-family: inherit; color: rgb(5, 5, 5); font-size: 15px; background-color: var(--wp--preset--color--base);\">\u2013 Prokletje i\u00a0Rudawy Janowickie <\/span><br><span style=\"font-family: inherit; color: rgb(5, 5, 5); font-size: 15px; background-color: var(--wp--preset--color--base);\">\u2013 Mariusz Zaruski i\u00a0Dolina Ma\u0142ej \u0141\u0105ki <\/span><br><br><span style=\"font-family: inherit; color: rgb(5, 5, 5); font-size: 15px; background-color: var(--wp--preset--color--base);\">Polecamy si\u0119 do\u00a0czytania! W\u00a0sprzeda\u017cy ju\u017c od\u00a0najbli\u017cszego poniedzia\u0142ku!<\/span><br><\/p>\n\n\n\n<p><\/p>\n\n\n\n<p><\/p>\n\n\n\n<figure class=\"wp-block-image aligncenter size-full is-resized\"><img loading=\"lazy\" decoding=\"async\" width=\"1488\" height=\"2315\" src=\"https:\/\/gazetagorska.pttk.pl\/wp-content\/uploads\/2024\/07\/GG-do-reg-GOT-24zima.jpg\" alt=\"\" class=\"wp-image-85\" style=\"width:400px\" srcset=\"https:\/\/gazetagorska.pttk.pl\/wp-content\/uploads\/2024\/07\/GG-do-reg-GOT-24zima.jpg 1488w, https:\/\/gazetagorska.pttk.pl\/wp-content\/uploads\/2024\/07\/GG-do-reg-GOT-24zima-193x300.jpg 193w, https:\/\/gazetagorska.pttk.pl\/wp-content\/uploads\/2024\/07\/GG-do-reg-GOT-24zima-658x1024.jpg 658w, https:\/\/gazetagorska.pttk.pl\/wp-content\/uploads\/2024\/07\/GG-do-reg-GOT-24zima-768x1195.jpg 768w, https:\/\/gazetagorska.pttk.pl\/wp-content\/uploads\/2024\/07\/GG-do-reg-GOT-24zima-987x1536.jpg 987w, https:\/\/gazetagorska.pttk.pl\/wp-content\/uploads\/2024\/07\/GG-do-reg-GOT-24zima-1316x2048.jpg 1316w\" sizes=\"auto, (max-width: 1488px) 100vw, 1488px\" \/><\/figure>\n","protected":false},"excerpt":{"rendered":"<p>Co\u015b dla och\u0142ody w\u00a0ten upa\u0142? Mo\u017ce lody? Albo\u00a0kaw\u0119 mro\u017con\u0105? Mamy co\u015b r\u00f3wnie ch\u0142odz\u0105cego! Najnowszy numer Gazety G\u00f3rskiej z\u00a0lekkim, mro\u017anym powiewem\u2026 Co\u00a0w\u00a0numerze? \u2013 pocz\u0105tki znakowania GSB \u2013 z\u00a0okazji stulecia szlaku \u2013 g\u00f3ry Maroka i\u00a0Grecji \u2013 to\u00a0ju\u017c jednak ciep\u0142e kraje \u2013 Prokletje i\u00a0Rudawy Janowickie \u2013 Mariusz Zaruski i\u00a0Dolina Ma\u0142ej \u0141\u0105ki Polecamy si\u0119 do\u00a0czytania! W\u00a0sprzeda\u017cy ju\u017c od\u00a0najbli\u017cszego poniedzia\u0142ku!<\/p>\n","protected":false},"author":3,"featured_media":0,"comment_status":"open","ping_status":"open","sticky":false,"template":"elementor_theme","format":"standard","meta":{"footnotes":""},"categories":[1],"tags":[],"class_list":["post-1","post","type-post","status-publish","format-standard","hentry","category-bez-kategorii"],"_links":{"self":[{"href":"https:\/\/gazetagorska.pttk.pl\/index.php\/wp-json\/wp\/v2\/posts\/1","targetHints":{"allow":["GET"]}}],"collection":[{"href":"https:\/\/gazetagorska.pttk.pl\/index.php\/wp-json\/wp\/v2\/posts"}],"about":[{"href":"https:\/\/gazetagorska.pttk.pl\/index.php\/wp-json\/wp\/v2\/types\/post"}],"author":[{"embeddable":true,"href":"https:\/\/gazetagorska.pttk.pl\/index.php\/wp-json\/wp\/v2\/users\/3"}],"replies":[{"embeddable":true,"href":"https:\/\/gazetagorska.pttk.pl\/index.php\/wp-json\/wp\/v2\/comments?post=1"}],"version-history":[{"count":16,"href":"https:\/\/gazetagorska.pttk.pl\/index.php\/wp-json\/wp\/v2\/posts\/1\/revisions"}],"predecessor-version":[{"id":673,"href":"https:\/\/gazetagorska.pttk.pl\/index.php\/wp-json\/wp\/v2\/posts\/1\/revisions\/673"}],"wp:attachment":[{"href":"https:\/\/gazetagorska.pttk.pl\/index.php\/wp-json\/wp\/v2\/media?parent=1"}],"wp:term":[{"taxonomy":"category","embeddable":true,"href":"https:\/\/gazetagorska.pttk.pl\/index.php\/wp-json\/wp\/v2\/categories?post=1"},{"taxonomy":"post_tag","embeddable":true,"href":"https:\/\/gazetagorska.pttk.pl\/index.php\/wp-json\/wp\/v2\/tags?post=1"}],"curies":[{"name":"wp","href":"https:\/\/api.w.org\/{rel}","templated":true}]}}