{"id":865,"date":"2025-01-03T10:57:20","date_gmt":"2025-01-03T09:57:20","guid":{"rendered":"https:\/\/gazetagorska.pttk.pl\/?p=865"},"modified":"2025-01-03T10:57:20","modified_gmt":"2025-01-03T09:57:20","slug":"nowy-rok-nowy-numer","status":"publish","type":"post","link":"https:\/\/gazetagorska.pttk.pl\/index.php\/2025\/01\/03\/nowy-rok-nowy-numer\/","title":{"rendered":"Nowy Rok! Nowy Numer!"},"content":{"rendered":"\n<p><strong>Prawie pod choink\u0119! No jeszcze choinki przecie\u017c stoj\u0105 w Waszych domach! Zatem mo\u017cna pod t\u0105 choink\u0119 jeszcze najnowszy numer Gazety G\u00f3rskiej wrzuci\u0107! Polecamy, sporo dobrego, g\u00f3rskiego czytania!<\/strong><\/p>\n\n\n\n<p><strong>Co&nbsp;w&nbsp;numerze?<\/strong><\/p>\n\n\n\n<p>\u2013 Bia\u0142e G\u00f3ry, czyli o&nbsp;przygodzie, przyja\u017ani i&nbsp;\u015bmierci, cz.&nbsp;2<br>\u2013 Pocz\u0105tki polskiej turystyki i&nbsp;narciarstwa w&nbsp;Ziele\u0144cu<br>\u2013 Zjawiskowe, Bo\u015bkocowe Panienki Baraniog\u00f3rskie<br>\u2013 K\u00f6nigsfeld \u2013 per\u0142a z&nbsp;cesarskiej korony<br>\u2013 Sal\u00e8ve \u2013 \u201ebalkon\u201d Genewy<br>\u2013 \u015awi\u0119to polskich g\u00f3rali na&nbsp;rumu\u0144skiej Bukowinie<br>\u2013 Dolina Za&nbsp;Bramk\u0105<br>\u2013 O&nbsp;archeologii w&nbsp;Zachodnim Tienszanie<\/p>\n\n\n\n<p>Zapraszamy do&nbsp;zakupu i&nbsp;lektury!&nbsp;<strong>Tutaj szczeg\u00f3\u0142y<\/strong><\/p>\n","protected":false},"excerpt":{"rendered":"<p>Prawie pod choink\u0119! No jeszcze choinki przecie\u017c stoj\u0105 w Waszych domach! Zatem mo\u017cna pod t\u0105 choink\u0119 jeszcze najnowszy numer Gazety G\u00f3rskiej wrzuci\u0107! Polecamy, sporo dobrego, g\u00f3rskiego czytania! Co&nbsp;w&nbsp;numerze? \u2013 Bia\u0142e G\u00f3ry, czyli o&nbsp;przygodzie, przyja\u017ani i&nbsp;\u015bmierci, cz.&nbsp;2\u2013 Pocz\u0105tki polskiej turystyki i&nbsp;narciarstwa w&nbsp;Ziele\u0144cu\u2013 Zjawiskowe, Bo\u015bkocowe Panienki Baraniog\u00f3rskie\u2013 K\u00f6nigsfeld \u2013 per\u0142a z&nbsp;cesarskiej korony\u2013 Sal\u00e8ve \u2013 \u201ebalkon\u201d Genewy\u2013 \u015awi\u0119to [&hellip;]<\/p>\n","protected":false},"author":3,"featured_media":0,"comment_status":"closed","ping_status":"closed","sticky":false,"template":"","format":"standard","meta":{"footnotes":""},"categories":[1],"tags":[],"class_list":["post-865","post","type-post","status-publish","format-standard","hentry","category-bez-kategorii"],"_links":{"self":[{"href":"https:\/\/gazetagorska.pttk.pl\/index.php\/wp-json\/wp\/v2\/posts\/865","targetHints":{"allow":["GET"]}}],"collection":[{"href":"https:\/\/gazetagorska.pttk.pl\/index.php\/wp-json\/wp\/v2\/posts"}],"about":[{"href":"https:\/\/gazetagorska.pttk.pl\/index.php\/wp-json\/wp\/v2\/types\/post"}],"author":[{"embeddable":true,"href":"https:\/\/gazetagorska.pttk.pl\/index.php\/wp-json\/wp\/v2\/users\/3"}],"replies":[{"embeddable":true,"href":"https:\/\/gazetagorska.pttk.pl\/index.php\/wp-json\/wp\/v2\/comments?post=865"}],"version-history":[{"count":1,"href":"https:\/\/gazetagorska.pttk.pl\/index.php\/wp-json\/wp\/v2\/posts\/865\/revisions"}],"predecessor-version":[{"id":867,"href":"https:\/\/gazetagorska.pttk.pl\/index.php\/wp-json\/wp\/v2\/posts\/865\/revisions\/867"}],"wp:attachment":[{"href":"https:\/\/gazetagorska.pttk.pl\/index.php\/wp-json\/wp\/v2\/media?parent=865"}],"wp:term":[{"taxonomy":"category","embeddable":true,"href":"https:\/\/gazetagorska.pttk.pl\/index.php\/wp-json\/wp\/v2\/categories?post=865"},{"taxonomy":"post_tag","embeddable":true,"href":"https:\/\/gazetagorska.pttk.pl\/index.php\/wp-json\/wp\/v2\/tags?post=865"}],"curies":[{"name":"wp","href":"https:\/\/api.w.org\/{rel}","templated":true}]}}